{"id":3234,"date":"2025-03-21T14:31:33","date_gmt":"2025-03-21T17:31:33","guid":{"rendered":"https:\/\/www.cpdma.com.br\/thomas-dulac-muller-habla-de-la-responsabilidad-civil-en-la-quiebra-en-el-evento-de-tma-brasil-en-porto-alegre\/"},"modified":"2025-08-22T08:36:29","modified_gmt":"2025-08-22T11:36:29","slug":"thomas-dulac-muller-habla-de-la-responsabilidad-civil-en-la-quiebra-en-el-evento-de-tma-brasil-en-porto-alegre","status":"publish","type":"post","link":"https:\/\/www.cpdma.com.br\/es\/thomas-dulac-muller-habla-de-la-responsabilidad-civil-en-la-quiebra-en-el-evento-de-tma-brasil-en-porto-alegre\/","title":{"rendered":"Thomas Dulac M\u00fcller habla de la responsabilidad civil en la quiebra en el evento de TMA Brasil en Porto Alegre"},"content":{"rendered":"\n<figure class=\"wp-block-image size-large\"><img loading=\"lazy\" decoding=\"async\" width=\"1024\" height=\"684\" src=\"https:\/\/www.cpdma.com.br\/wp-content\/uploads\/2025\/03\/blog-tma-porto-alegre-2025-1024x684.jpg\" alt=\"Thomas Dulac M&#xFC;ller habla de la responsabilidad civil en la quiebra en el evento de TMA Brasil en Porto Alegre\" class=\"wp-image-2319\" srcset=\"https:\/\/www.cpdma.com.br\/wp-content\/uploads\/2025\/03\/blog-tma-porto-alegre-2025-1024x684.jpg 1024w, https:\/\/www.cpdma.com.br\/wp-content\/uploads\/2025\/03\/blog-tma-porto-alegre-2025-300x200.jpg 300w, https:\/\/www.cpdma.com.br\/wp-content\/uploads\/2025\/03\/blog-tma-porto-alegre-2025-768x513.jpg 768w, https:\/\/www.cpdma.com.br\/wp-content\/uploads\/2025\/03\/blog-tma-porto-alegre-2025.jpg 1200w\" sizes=\"auto, (max-width: 1024px) 100vw, 1024px\" \/><\/figure>\n\n<h4 class=\"wp-block-heading\">El <strong>18 de marzo de 2025<\/strong>, en el <strong>Hotel Laghetto Stilo Higien\u00f3polis<\/strong>, Thomas Dulac M\u00fcller, abogado y especialista en reestructuraci\u00f3n empresarial, particip\u00f3 en el panel <strong>&#8220;Responsabilidad de Terceros en la Quiebra&#8221;<\/strong>, aportando su experiencia junto a destacados especialistas del sector. El debate aport\u00f3 reflexiones estrat\u00e9gicas sobre las implicaciones jur\u00eddicas de la quiebra para terceros implicados en procedimientos de insolvencia. <\/h4>\n\n<p>A <strong><a href=\"https:\/\/www.tmabrasil.org\" target=\"_blank\" rel=\"noreferrer noopener\">TMA Brasil<\/a><\/strong> desempe\u00f1a un papel clave en la promoci\u00f3n de las mejores pr\u00e1cticas en materia de reestructuraci\u00f3n y recuperaci\u00f3n de empresas, reuniendo a profesionales de diversos campos para fomentar el desarrollo del sector.<\/p>\n\n<p>Queremos agradecer a la organizaci\u00f3n la oportunidad de participar en este importante acto. Tambi\u00e9n hacemos extensivo nuestro agradecimiento a los dem\u00e1s ponentes y al p\u00fablico presente, cuya enriquecedora participaci\u00f3n reforz\u00f3 a\u00fan m\u00e1s los debates sobre este tema crucial. <\/p>\n\n<p>#CPDMA #TMAPortoAlegre #DerechoEmpresarial #Quiebra #Recuperaci\u00f3nEmpresarial #Insolvencia #CesarPeresDulacMullerAbogados<\/p>\n\n<p><a href=\"https:\/\/cpdma.com.br\/reestruturacao-e-insolvencia\/\" target=\"_blank\" rel=\"noreferrer noopener\">Derecho Mercantil<\/a> | <a href=\"https:\/\/cpdma.com.br\/profissionais-cesar-peres-dulac-muller\/\" target=\"_blank\" rel=\"noopener\">Equipo CPDMA<\/a><\/p>\n","protected":false},"excerpt":{"rendered":"<p>El 18 de marzo de 2025, en el Hotel Laghetto Stilo Higien\u00f3polis, Thomas Dulac M\u00fcller, abogado y especialista en reestructuraci\u00f3n empresarial, particip\u00f3 en el panel &#8220;Responsabilidad de Terceros en la Quiebra&#8221;, aportando su experiencia junto a destacados especialistas del sector. El debate aport\u00f3 reflexiones estrat\u00e9gicas sobre las implicaciones jur\u00eddicas de la quiebra para terceros implicados [&hellip;]<\/p>\n","protected":false},"author":2,"featured_media":0,"comment_status":"closed","ping_status":"open","sticky":false,"template":"","format":"standard","meta":{"footnotes":""},"categories":[33],"tags":[],"class_list":["post-3234","post","type-post","status-publish","format-standard","hentry","category-noticias-es"],"_links":{"self":[{"href":"https:\/\/www.cpdma.com.br\/es\/wp-json\/wp\/v2\/posts\/3234","targetHints":{"allow":["GET"]}}],"collection":[{"href":"https:\/\/www.cpdma.com.br\/es\/wp-json\/wp\/v2\/posts"}],"about":[{"href":"https:\/\/www.cpdma.com.br\/es\/wp-json\/wp\/v2\/types\/post"}],"author":[{"embeddable":true,"href":"https:\/\/www.cpdma.com.br\/es\/wp-json\/wp\/v2\/users\/2"}],"replies":[{"embeddable":true,"href":"https:\/\/www.cpdma.com.br\/es\/wp-json\/wp\/v2\/comments?post=3234"}],"version-history":[{"count":1,"href":"https:\/\/www.cpdma.com.br\/es\/wp-json\/wp\/v2\/posts\/3234\/revisions"}],"predecessor-version":[{"id":3238,"href":"https:\/\/www.cpdma.com.br\/es\/wp-json\/wp\/v2\/posts\/3234\/revisions\/3238"}],"wp:attachment":[{"href":"https:\/\/www.cpdma.com.br\/es\/wp-json\/wp\/v2\/media?parent=3234"}],"wp:term":[{"taxonomy":"category","embeddable":true,"href":"https:\/\/www.cpdma.com.br\/es\/wp-json\/wp\/v2\/categories?post=3234"},{"taxonomy":"post_tag","embeddable":true,"href":"https:\/\/www.cpdma.com.br\/es\/wp-json\/wp\/v2\/tags?post=3234"}],"curies":[{"name":"wp","href":"https:\/\/api.w.org\/{rel}","templated":true}]}}